{"id":531,"date":"2026-01-16T22:30:02","date_gmt":"2026-01-16T22:30:02","guid":{"rendered":"https:\/\/zyrtare.press\/?p=531"},"modified":"2026-01-16T22:30:02","modified_gmt":"2026-01-16T22:30:02","slug":"uaaa-turpi-botes%f0%9f%98%b3-elijona-ekstohet-gjate-masazhes-dhe-ieshon-zera-vldeo","status":"publish","type":"post","link":"https:\/\/zyrtare.press\/?p=531","title":{"rendered":"Uaaa Turpi botes\ud83d\ude33 Elijona eks*tohet gjate masazhes dhe Ieshon zera\u2026 VlDEO"},"content":{"rendered":"<p>Nj\u00eb situat\u00eb e pazakont\u00eb ka ngjallur reagime t\u00eb shumta n\u00eb rrjetet sociale, pasi Elijona u b\u00eb pjes\u00eb e nj\u00eb momenti q\u00eb shum\u00eb ndjek\u00ebs e cil\u00ebsuan si t\u00eb sikletsh\u00ebm dhe t\u00eb pap\u00ebrshtatsh\u00ebm p\u00ebr syrin publik. Gjat\u00eb nj\u00eb seance relaksuese masazhi, ajo u shfaq duksh\u00ebm e \u00e7liruar dhe e p\u00ebrfshir\u00eb emocionalisht n\u00eb p\u00ebrvoj\u00eb, duke shkaktuar komente t\u00eb shumta dhe debate t\u00eb ashpra online.<\/p>\n<p>Sipas pamjeve q\u00eb qarkulluan, Elijona po shijonte nj\u00eb masazh nga profesionist\u00eb aziatik\u00eb, t\u00eb njohur p\u00ebr teknikat e tyre tradicionale. Megjithat\u00eb, reagimet e saj spontane dhe tingujt q\u00eb ajo l\u00ebshoi gjat\u00eb seanc\u00ebs u interpretuan ndryshe nga publiku, duke u kthyer menj\u00ebher\u00eb n\u00eb tem\u00eb diskutimi n\u00eb rrjetet sociale.<\/p>\n<p>Disa ndjek\u00ebs e konsideruan situat\u00ebn si nj\u00eb moment t\u00eb natyrsh\u00ebm relaksi dhe \u00e7lirimi nga stresi, nd\u00ebrsa t\u00eb tjer\u00eb e cil\u00ebsuan si t\u00eb tepruar dhe jo t\u00eb denj\u00eb p\u00ebr t\u2019u publikuar. \u201cKa nj\u00eb vij\u00eb t\u00eb holl\u00eb mes relaksit dhe ekspozimit t\u00eb panevojsh\u00ebm,\u201d shkruante nj\u00eb komentues, nd\u00ebrsa nj\u00eb tjet\u00ebr theksonte se \u201c\u00e7do njeri reagon ndryshe ndaj p\u00ebrvojave fizike dhe nuk duhet gjykuar\u201d.<\/p>\n<p>Videoja u shp\u00ebrnda me shpejt\u00ebsi, duke nxitur debate mbi privat\u00ebsin\u00eb, etik\u00ebn e publikimit t\u00eb momenteve personale dhe m\u00ebnyr\u00ebn se si figura publike perceptohen nga publiku. P\u00ebr disa, ky ishte thjesht nj\u00eb moment njer\u00ebzor, p\u00ebr t\u00eb tjer\u00eb nj\u00eb gaf\u00eb q\u00eb nuk duhej t\u00eb dilte n\u00eb drit\u00eb.<\/p>\n<p>Vet\u00eb Elijona nuk ka reaguar ende publikisht ndaj zhurm\u00ebs s\u00eb krijuar, duke zgjedhur heshtjen p\u00ebrball\u00eb kritikave dhe mb\u00ebshtetjes s\u00eb ndar\u00eb. Megjithat\u00eb, ngjarja ka treguar edhe nj\u00eb her\u00eb se \u00e7do veprim i personazheve publik\u00eb analizohet n\u00eb detaje dhe mund t\u00eb kthehet leht\u00ebsisht n\u00eb polemik\u00eb.<\/p>\n<p>Mbetet p\u00ebr t\u2019u par\u00eb n\u00ebse ajo do t\u00eb jap\u00eb nj\u00eb reagim zyrtar, por nj\u00eb gj\u00eb \u00ebsht\u00eb e sigurt: ky moment ka ndezur rrjetin dhe ka hapur nj\u00eb debat t\u00eb gjer\u00eb mbi kufijt\u00eb mes privat\u00ebsis\u00eb dhe ekspozimit publik.<\/p>\n","protected":false},"excerpt":{"rendered":"<p>Nj\u00eb situat\u00eb e pazakont\u00eb ka ngjallur reagime t\u00eb shumta n\u00eb rrjetet sociale, pasi Elijona u b\u00eb pjes\u00eb e nj\u00eb momenti q\u00eb shum\u00eb ndjek\u00ebs e cil\u00ebsuan si t\u00eb sikletsh\u00ebm dhe t\u00eb pap\u00ebrshtatsh\u00ebm p\u00ebr syrin publik. Gjat\u00eb nj\u00eb seance relaksuese masazhi, ajo u shfaq duksh\u00ebm e \u00e7liruar dhe e p\u00ebrfshir\u00eb emocionalisht n\u00eb p\u00ebrvoj\u00eb, duke shkaktuar komente t\u00eb [&hellip;]<\/p>\n","protected":false},"author":1,"featured_media":532,"comment_status":"open","ping_status":"open","sticky":false,"template":"","format":"standard","meta":{"_jetpack_memberships_contains_paid_content":false,"footnotes":""},"categories":[3],"tags":[],"class_list":["post-531","post","type-post","status-publish","format-standard","has-post-thumbnail","hentry","category-lajme"],"jetpack_featured_media_url":"https:\/\/zyrtare.press\/wp-content\/uploads\/2026\/01\/606540810_1319515876879366_1954608085602461616_n.jpg","jetpack_sharing_enabled":true,"_links":{"self":[{"href":"https:\/\/zyrtare.press\/index.php?rest_route=\/wp\/v2\/posts\/531","targetHints":{"allow":["GET"]}}],"collection":[{"href":"https:\/\/zyrtare.press\/index.php?rest_route=\/wp\/v2\/posts"}],"about":[{"href":"https:\/\/zyrtare.press\/index.php?rest_route=\/wp\/v2\/types\/post"}],"author":[{"embeddable":true,"href":"https:\/\/zyrtare.press\/index.php?rest_route=\/wp\/v2\/users\/1"}],"replies":[{"embeddable":true,"href":"https:\/\/zyrtare.press\/index.php?rest_route=%2Fwp%2Fv2%2Fcomments&post=531"}],"version-history":[{"count":1,"href":"https:\/\/zyrtare.press\/index.php?rest_route=\/wp\/v2\/posts\/531\/revisions"}],"predecessor-version":[{"id":533,"href":"https:\/\/zyrtare.press\/index.php?rest_route=\/wp\/v2\/posts\/531\/revisions\/533"}],"wp:featuredmedia":[{"embeddable":true,"href":"https:\/\/zyrtare.press\/index.php?rest_route=\/wp\/v2\/media\/532"}],"wp:attachment":[{"href":"https:\/\/zyrtare.press\/index.php?rest_route=%2Fwp%2Fv2%2Fmedia&parent=531"}],"wp:term":[{"taxonomy":"category","embeddable":true,"href":"https:\/\/zyrtare.press\/index.php?rest_route=%2Fwp%2Fv2%2Fcategories&post=531"},{"taxonomy":"post_tag","embeddable":true,"href":"https:\/\/zyrtare.press\/index.php?rest_route=%2Fwp%2Fv2%2Ftags&post=531"}],"curies":[{"name":"wp","href":"https:\/\/api.w.org\/{rel}","templated":true}]}}